{"id":822,"date":"2026-09-02T10:23:38","date_gmt":"2026-09-02T08:23:38","guid":{"rendered":"https:\/\/elvalle.es\/?p=822"},"modified":"2026-09-02T10:23:40","modified_gmt":"2026-09-02T08:23:40","slug":"anuncio-elaboracion-proyecto-de-reglamento-para-la-creacion-de-la-agrupacion-municipal-de-proteccion-civil","status":"publish","type":"post","link":"https:\/\/elvalle.es\/en\/tablon-anuncios\/anuncio-elaboracion-proyecto-de-reglamento-para-la-creacion-de-la-agrupacion-municipal-de-proteccion-civil\/","title":{"rendered":"Anuncio elaboraci\u00f3n proyecto de reglamento para la creaci\u00f3n de la Agrupaci\u00f3n Municipal de Protecci\u00f3n Civil"},"content":{"rendered":"","protected":false},"excerpt":{"rendered":"","protected":false},"author":1,"featured_media":0,"comment_status":"open","ping_status":"open","sticky":false,"template":"","format":"standard","meta":{"neve_meta_sidebar":"","neve_meta_container":"","neve_meta_enable_content_width":"","neve_meta_content_width":0,"neve_meta_title_alignment":"","neve_meta_author_avatar":"","neve_post_elements_order":"","neve_meta_disable_header":"","neve_meta_disable_footer":"","neve_meta_disable_title":"","footnotes":""},"categories":[38],"tags":[39],"class_list":["post-822","post","type-post","status-publish","format-standard","hentry","category-proteccion-civil","tag-proteccion-civil"],"_links":{"self":[{"href":"https:\/\/elvalle.es\/en\/wp-json\/wp\/v2\/posts\/822","targetHints":{"allow":["GET"]}}],"collection":[{"href":"https:\/\/elvalle.es\/en\/wp-json\/wp\/v2\/posts"}],"about":[{"href":"https:\/\/elvalle.es\/en\/wp-json\/wp\/v2\/types\/post"}],"author":[{"embeddable":true,"href":"https:\/\/elvalle.es\/en\/wp-json\/wp\/v2\/users\/1"}],"replies":[{"embeddable":true,"href":"https:\/\/elvalle.es\/en\/wp-json\/wp\/v2\/comments?post=822"}],"version-history":[{"count":1,"href":"https:\/\/elvalle.es\/en\/wp-json\/wp\/v2\/posts\/822\/revisions"}],"predecessor-version":[{"id":824,"href":"https:\/\/elvalle.es\/en\/wp-json\/wp\/v2\/posts\/822\/revisions\/824"}],"wp:attachment":[{"href":"https:\/\/elvalle.es\/en\/wp-json\/wp\/v2\/media?parent=822"}],"wp:term":[{"taxonomy":"category","embeddable":true,"href":"https:\/\/elvalle.es\/en\/wp-json\/wp\/v2\/categories?post=822"},{"taxonomy":"post_tag","embeddable":true,"href":"https:\/\/elvalle.es\/en\/wp-json\/wp\/v2\/tags?post=822"}],"curies":[{"name":"wp","href":"https:\/\/api.w.org\/{rel}","templated":true}]}}